{"id":1347,"date":"2025-02-14T18:52:21","date_gmt":"2025-02-14T17:52:21","guid":{"rendered":"https:\/\/www.capurso-online.it\/capursonline\/?p=1347"},"modified":"2025-02-17T10:53:06","modified_gmt":"2025-02-17T09:53:06","slug":"francesco-renga-e-cristiano-de-andre-da-sanremo-a-capurso-per-il-multiculturita-summer-festival","status":"publish","type":"post","link":"https:\/\/www.capurso-online.it\/capursonline\/index.php\/2025\/02\/14\/francesco-renga-e-cristiano-de-andre-da-sanremo-a-capurso-per-il-multiculturita-summer-festival\/","title":{"rendered":"Francesco Renga e Cristiano De Andr\u00e8 da Sanremo a Capurso per il Multiculturita Summer Festival"},"content":{"rendered":"<p><strong><a href=\"https:\/\/www.capurso-online.it\/capursonline\/wp-content\/uploads\/2025\/02\/francesco-renga-capurso-bari.jpg\"><img loading=\"lazy\" class=\" wp-image-1350 alignleft\" src=\"https:\/\/www.capurso-online.it\/capursonline\/wp-content\/uploads\/2025\/02\/francesco-renga-capurso-bari-240x300.jpg\" alt=\"\" width=\"202\" height=\"253\" srcset=\"https:\/\/www.capurso-online.it\/capursonline\/wp-content\/uploads\/2025\/02\/francesco-renga-capurso-bari-240x300.jpg 240w, https:\/\/www.capurso-online.it\/capursonline\/wp-content\/uploads\/2025\/02\/francesco-renga-capurso-bari-819x1024.jpg 819w, https:\/\/www.capurso-online.it\/capursonline\/wp-content\/uploads\/2025\/02\/francesco-renga-capurso-bari-768x960.jpg 768w, https:\/\/www.capurso-online.it\/capursonline\/wp-content\/uploads\/2025\/02\/francesco-renga-capurso-bari-1229x1536.jpg 1229w, https:\/\/www.capurso-online.it\/capursonline\/wp-content\/uploads\/2025\/02\/francesco-renga-capurso-bari-1638x2048.jpg 1638w, https:\/\/www.capurso-online.it\/capursonline\/wp-content\/uploads\/2025\/02\/francesco-renga-capurso-bari.jpg 1920w\" sizes=\"(max-width: 202px) 100vw, 202px\" \/><\/a>Sono Francesco Renga e Cristiano De Andr\u00e9 i primi nomi ufficiali della XXIII edizione del Multicultirita Summer Festival<\/strong>, che da oltre 20 anni porta a Capurso, piccolo comune alle porte di Bari, i protagonisti della musica italiana e internazionale.<br \/>\nLe date da segnare subito in calendario sono il 17, 18 e 19 luglio. Il <strong>17 luglio Francesco Renga<\/strong> sar\u00e0 il primo a esibirsi sul palco allestito, come di consueto, sul sagrato della suggestiva Reale Basilica di Maria SS. Del Pozzo. Il <strong>19 luglio<\/strong> toccher\u00e0 invece a <strong>Cristiano De Andr\u00e8<\/strong>. Ancora mistero, invece, sull\u2019ultimo ospite del Festival che come ogni anno torna a far risuonare le voci dei grandi interpreti a Capurso.<br \/>\n<strong>Renga far\u00e0 tappa a Capurso con l\u2019unica data pugliese del suo tour <em>\u201cAngelo-Venti\u201d<\/em><\/strong>, dedicato al ventennale della sua <em>Angelo<\/em>, canzone con cui trionf\u00f2 al Festival di Sanremo nel 2005, dove questa sera si esibir\u00e0 con una performance in duetto con i Mod\u00e0, regalando un\u2019anteprima speciale di <em>Angelo. <\/em>Il brano \u00e8 una dedica dell&#8217;artista alla figlia Jolanda, avuta dalla compagna Ambra Angiolini poco tempo prima della sua partecipazione al Festival. La canzone si impose subito dopo la vittoria alla kermesse, conquistando la vetta della classifica italiana delle vendite e dell\u2019Airplay radiofonico.<br \/>\nDopo Renga, il <strong>19 luglio<\/strong>, sempre <strong>in esclusiva regionale,<\/strong> a Capurso arriver\u00e0 <strong>Cristiano De Andr\u00e9 <\/strong>con<strong><em> \u201cDe Andr\u00e9 canta De Andr\u00e9\u00a0 Best of Estate 2025\u201d<\/em><\/strong>. Anche lui ospite questa sera a Sanremo, in duetto con Bresh sulle note dell\u2019iconico brano del padre Fabrizio, <em>Creuza de m\u00e4<\/em>, Cristiano De Andr\u00e8 segna con oggi l\u2019inizio di un percorso musicale che proseguir\u00e0 a marzo con il \u201cDe Andr\u00e9 canta De Andr\u00e9 &#8211; Best Of Tour Teatrale\u201d, per poi approdare all\u2019edizione estiva dello spettacolo: \u201cDe <a href=\"https:\/\/www.capurso-online.it\/capursonline\/wp-content\/uploads\/2025\/02\/cristiano-de-andre.jpg\"><img loading=\"lazy\" class=\"alignright wp-image-1349\" src=\"https:\/\/www.capurso-online.it\/capursonline\/wp-content\/uploads\/2025\/02\/cristiano-de-andre-300x200.jpg\" alt=\"\" width=\"257\" height=\"171\" srcset=\"https:\/\/www.capurso-online.it\/capursonline\/wp-content\/uploads\/2025\/02\/cristiano-de-andre-300x200.jpg 300w, https:\/\/www.capurso-online.it\/capursonline\/wp-content\/uploads\/2025\/02\/cristiano-de-andre-1024x683.jpg 1024w, https:\/\/www.capurso-online.it\/capursonline\/wp-content\/uploads\/2025\/02\/cristiano-de-andre-768x512.jpg 768w, https:\/\/www.capurso-online.it\/capursonline\/wp-content\/uploads\/2025\/02\/cristiano-de-andre-1536x1024.jpg 1536w, https:\/\/www.capurso-online.it\/capursonline\/wp-content\/uploads\/2025\/02\/cristiano-de-andre-2048x1365.jpg 2048w\" sizes=\"(max-width: 257px) 100vw, 257px\" \/><\/a>Andr\u00e9 canta De Andr\u00e9 &#8211; Best of Estate 2025\u201d.<br \/>\nConsiderato l\u2019unico vero erede del patrimonio musicale del padre,\u00a0 Cristiano De Andr\u00e8 porter\u00e0 sul palco il meglio del repertorio deandreiano, accompagnato dai suoi inseparabili musicisti: Osvaldo di Dio alle chitarre, Davide Pezzin al basso, Luciano Luisi alle tastiere (gi\u00e0 arrangiatore dei primi due volumi del progetto \u201cDe Andr\u00e9 canta De Andr\u00e9\u201d) e Ivano Zanotti alla batteria. Artista poliedrico e polistrumentista, Cristiano suoner\u00e0 chitarra acustica e classica, bouzouki, pianoforte e violino, accompagnando il pubblico in un viaggio emozionante attraverso la grande opera di Fabrizio De Andr\u00e9.<br \/>\nI biglietti per i due concerti inseriti nella programmazione del Multiculturita Summer Festival 2025 sono gi\u00e0 disponibili in prevendita sul circuito Ciaotickets.it e nei punti vendita abituali.<br \/>\n<strong>Multiculturita Summer Festival \u00e8 organizzata in collaborazione con il Comune di Capurso<\/strong>.<br \/>\nInfo: 080.512.76.45 &#8211; <a href=\"mailto:info@multiculturita.it\">info@multiculturita.it<\/a><\/p>\n","protected":false},"excerpt":{"rendered":"<p>Sono Francesco Renga e Cristiano De Andr\u00e9 i primi nomi ufficiali della XXIII edizione del<\/p>\n","protected":false},"author":1,"featured_media":1348,"comment_status":"open","ping_status":"open","sticky":false,"template":"","format":"standard","meta":[],"categories":[1],"tags":[],"yoast_head":"<!-- This site is optimized with the Yoast SEO plugin v19.4 - https:\/\/yoast.com\/wordpress\/plugins\/seo\/ -->\r\n<title>Francesco Renga e Cristiano De Andr\u00e8 da Sanremo a Capurso per il Multiculturita Summer Festival - Capurso On Line<\/title>\r\n<meta name=\"robots\" content=\"index, follow, max-snippet:-1, max-image-preview:large, max-video-preview:-1\" \/>\r\n<link rel=\"canonical\" href=\"https:\/\/www.capurso-online.it\/capursonline\/index.php\/2025\/02\/14\/francesco-renga-e-cristiano-de-andre-da-sanremo-a-capurso-per-il-multiculturita-summer-festival\/\" \/>\r\n<meta property=\"og:locale\" content=\"it_IT\" \/>\r\n<meta property=\"og:type\" content=\"article\" \/>\r\n<meta property=\"og:title\" content=\"Francesco Renga e Cristiano De Andr\u00e8 da Sanremo a Capurso per il Multiculturita Summer Festival - Capurso On Line\" \/>\r\n<meta property=\"og:description\" content=\"Sono Francesco Renga e Cristiano De Andr\u00e9 i primi nomi ufficiali della XXIII edizione del\" \/>\r\n<meta property=\"og:url\" content=\"https:\/\/www.capurso-online.it\/capursonline\/index.php\/2025\/02\/14\/francesco-renga-e-cristiano-de-andre-da-sanremo-a-capurso-per-il-multiculturita-summer-festival\/\" \/>\r\n<meta property=\"og:site_name\" content=\"Capurso On Line\" \/>\r\n<meta property=\"article:published_time\" content=\"2025-02-14T17:52:21+00:00\" \/>\r\n<meta property=\"article:modified_time\" content=\"2025-02-17T09:53:06+00:00\" \/>\r\n<meta property=\"og:image\" content=\"https:\/\/www.capurso-online.it\/capursonline\/wp-content\/uploads\/2025\/02\/multiculturitacopertina.jpg\" \/>\r\n\t<meta property=\"og:image:width\" content=\"2048\" \/>\r\n\t<meta property=\"og:image:height\" content=\"1368\" \/>\r\n\t<meta property=\"og:image:type\" content=\"image\/jpeg\" \/>\r\n<meta name=\"author\" content=\"capursoonline\" \/>\r\n<meta name=\"twitter:card\" content=\"summary_large_image\" \/>\r\n<meta name=\"twitter:creator\" content=\"@capursoonline\" \/>\r\n<meta name=\"twitter:label1\" content=\"Scritto da\" \/>\n\t<meta name=\"twitter:data1\" content=\"capursoonline\" \/>\n\t<meta name=\"twitter:label2\" content=\"Tempo di lettura stimato\" \/>\n\t<meta name=\"twitter:data2\" content=\"3 minuti\" \/>\r\n<script type=\"application\/ld+json\" class=\"yoast-schema-graph\">{\"@context\":\"https:\/\/schema.org\",\"@graph\":[{\"@type\":\"Organization\",\"@id\":\"https:\/\/www.capurso-online.it\/capursonline\/#organization\",\"name\":\"Capurso On Line\",\"url\":\"https:\/\/www.capurso-online.it\/capursonline\/\",\"sameAs\":[],\"logo\":{\"@type\":\"ImageObject\",\"inLanguage\":\"it-IT\",\"@id\":\"https:\/\/www.capurso-online.it\/capursonline\/#\/schema\/logo\/image\/\",\"url\":\"https:\/\/www.capurso-online.it\/capursonline\/wp-content\/uploads\/2020\/11\/cropped-logo.png\",\"contentUrl\":\"https:\/\/www.capurso-online.it\/capursonline\/wp-content\/uploads\/2020\/11\/cropped-logo.png\",\"width\":3604,\"height\":1531,\"caption\":\"Capurso On Line\"},\"image\":{\"@id\":\"https:\/\/www.capurso-online.it\/capursonline\/#\/schema\/logo\/image\/\"}},{\"@type\":\"WebSite\",\"@id\":\"https:\/\/www.capurso-online.it\/capursonline\/#website\",\"url\":\"https:\/\/www.capurso-online.it\/capursonline\/\",\"name\":\"Capurso On Line\",\"description\":\"Il portale di Capurso\",\"publisher\":{\"@id\":\"https:\/\/www.capurso-online.it\/capursonline\/#organization\"},\"potentialAction\":[{\"@type\":\"SearchAction\",\"target\":{\"@type\":\"EntryPoint\",\"urlTemplate\":\"https:\/\/www.capurso-online.it\/capursonline\/?s={search_term_string}\"},\"query-input\":\"required name=search_term_string\"}],\"inLanguage\":\"it-IT\"},{\"@type\":\"WebPage\",\"@id\":\"https:\/\/www.capurso-online.it\/capursonline\/index.php\/2025\/02\/14\/francesco-renga-e-cristiano-de-andre-da-sanremo-a-capurso-per-il-multiculturita-summer-festival\/\",\"url\":\"https:\/\/www.capurso-online.it\/capursonline\/index.php\/2025\/02\/14\/francesco-renga-e-cristiano-de-andre-da-sanremo-a-capurso-per-il-multiculturita-summer-festival\/\",\"name\":\"Francesco Renga e Cristiano De Andr\u00e8 da Sanremo a Capurso per il Multiculturita Summer Festival - Capurso On Line\",\"isPartOf\":{\"@id\":\"https:\/\/www.capurso-online.it\/capursonline\/#website\"},\"datePublished\":\"2025-02-14T17:52:21+00:00\",\"dateModified\":\"2025-02-17T09:53:06+00:00\",\"breadcrumb\":{\"@id\":\"https:\/\/www.capurso-online.it\/capursonline\/index.php\/2025\/02\/14\/francesco-renga-e-cristiano-de-andre-da-sanremo-a-capurso-per-il-multiculturita-summer-festival\/#breadcrumb\"},\"inLanguage\":\"it-IT\",\"potentialAction\":[{\"@type\":\"ReadAction\",\"target\":[\"https:\/\/www.capurso-online.it\/capursonline\/index.php\/2025\/02\/14\/francesco-renga-e-cristiano-de-andre-da-sanremo-a-capurso-per-il-multiculturita-summer-festival\/\"]}]},{\"@type\":\"BreadcrumbList\",\"@id\":\"https:\/\/www.capurso-online.it\/capursonline\/index.php\/2025\/02\/14\/francesco-renga-e-cristiano-de-andre-da-sanremo-a-capurso-per-il-multiculturita-summer-festival\/#breadcrumb\",\"itemListElement\":[{\"@type\":\"ListItem\",\"position\":1,\"name\":\"Home\",\"item\":\"https:\/\/www.capurso-online.it\/capursonline\/\"},{\"@type\":\"ListItem\",\"position\":2,\"name\":\"Francesco Renga e Cristiano De Andr\u00e8 da Sanremo a Capurso per il Multiculturita Summer Festival\"}]},{\"@type\":\"Article\",\"@id\":\"https:\/\/www.capurso-online.it\/capursonline\/index.php\/2025\/02\/14\/francesco-renga-e-cristiano-de-andre-da-sanremo-a-capurso-per-il-multiculturita-summer-festival\/#article\",\"isPartOf\":{\"@id\":\"https:\/\/www.capurso-online.it\/capursonline\/index.php\/2025\/02\/14\/francesco-renga-e-cristiano-de-andre-da-sanremo-a-capurso-per-il-multiculturita-summer-festival\/\"},\"author\":{\"name\":\"capursoonline\",\"@id\":\"https:\/\/www.capurso-online.it\/capursonline\/#\/schema\/person\/6c7fbbed57ef477e34824178324a9c1d\"},\"headline\":\"Francesco Renga e Cristiano De Andr\u00e8 da Sanremo a Capurso per il Multiculturita Summer Festival\",\"datePublished\":\"2025-02-14T17:52:21+00:00\",\"dateModified\":\"2025-02-17T09:53:06+00:00\",\"mainEntityOfPage\":{\"@id\":\"https:\/\/www.capurso-online.it\/capursonline\/index.php\/2025\/02\/14\/francesco-renga-e-cristiano-de-andre-da-sanremo-a-capurso-per-il-multiculturita-summer-festival\/\"},\"wordCount\":443,\"commentCount\":0,\"publisher\":{\"@id\":\"https:\/\/www.capurso-online.it\/capursonline\/#organization\"},\"inLanguage\":\"it-IT\",\"potentialAction\":[{\"@type\":\"CommentAction\",\"name\":\"Comment\",\"target\":[\"https:\/\/www.capurso-online.it\/capursonline\/index.php\/2025\/02\/14\/francesco-renga-e-cristiano-de-andre-da-sanremo-a-capurso-per-il-multiculturita-summer-festival\/#respond\"]}]},{\"@type\":\"Person\",\"@id\":\"https:\/\/www.capurso-online.it\/capursonline\/#\/schema\/person\/6c7fbbed57ef477e34824178324a9c1d\",\"name\":\"capursoonline\",\"image\":{\"@type\":\"ImageObject\",\"inLanguage\":\"it-IT\",\"@id\":\"https:\/\/www.capurso-online.it\/capursonline\/#\/schema\/person\/image\/\",\"url\":\"https:\/\/secure.gravatar.com\/avatar\/f2d564d02d46c3576eebe0bd37a1fded?s=96&d=mm&r=g\",\"contentUrl\":\"https:\/\/secure.gravatar.com\/avatar\/f2d564d02d46c3576eebe0bd37a1fded?s=96&d=mm&r=g\",\"caption\":\"capursoonline\"},\"sameAs\":[\"http:\/\/www.capurso-online.it\/capursonline\",\"https:\/\/twitter.com\/capursoonline\"],\"url\":\"https:\/\/www.capurso-online.it\/capursonline\/index.php\/author\/capursoonline\/\"}]}<\/script>\r\n<!-- \/ Yoast SEO plugin. -->","yoast_head_json":{"title":"Francesco Renga e Cristiano De Andr\u00e8 da Sanremo a Capurso per il Multiculturita Summer Festival - Capurso On Line","robots":{"index":"index","follow":"follow","max-snippet":"max-snippet:-1","max-image-preview":"max-image-preview:large","max-video-preview":"max-video-preview:-1"},"canonical":"https:\/\/www.capurso-online.it\/capursonline\/index.php\/2025\/02\/14\/francesco-renga-e-cristiano-de-andre-da-sanremo-a-capurso-per-il-multiculturita-summer-festival\/","og_locale":"it_IT","og_type":"article","og_title":"Francesco Renga e Cristiano De Andr\u00e8 da Sanremo a Capurso per il Multiculturita Summer Festival - Capurso On Line","og_description":"Sono Francesco Renga e Cristiano De Andr\u00e9 i primi nomi ufficiali della XXIII edizione del","og_url":"https:\/\/www.capurso-online.it\/capursonline\/index.php\/2025\/02\/14\/francesco-renga-e-cristiano-de-andre-da-sanremo-a-capurso-per-il-multiculturita-summer-festival\/","og_site_name":"Capurso On Line","article_published_time":"2025-02-14T17:52:21+00:00","article_modified_time":"2025-02-17T09:53:06+00:00","og_image":[{"width":2048,"height":1368,"url":"https:\/\/www.capurso-online.it\/capursonline\/wp-content\/uploads\/2025\/02\/multiculturitacopertina.jpg","type":"image\/jpeg"}],"author":"capursoonline","twitter_card":"summary_large_image","twitter_creator":"@capursoonline","twitter_misc":{"Scritto da":"capursoonline","Tempo di lettura stimato":"3 minuti"},"schema":{"@context":"https:\/\/schema.org","@graph":[{"@type":"Organization","@id":"https:\/\/www.capurso-online.it\/capursonline\/#organization","name":"Capurso On Line","url":"https:\/\/www.capurso-online.it\/capursonline\/","sameAs":[],"logo":{"@type":"ImageObject","inLanguage":"it-IT","@id":"https:\/\/www.capurso-online.it\/capursonline\/#\/schema\/logo\/image\/","url":"https:\/\/www.capurso-online.it\/capursonline\/wp-content\/uploads\/2020\/11\/cropped-logo.png","contentUrl":"https:\/\/www.capurso-online.it\/capursonline\/wp-content\/uploads\/2020\/11\/cropped-logo.png","width":3604,"height":1531,"caption":"Capurso On Line"},"image":{"@id":"https:\/\/www.capurso-online.it\/capursonline\/#\/schema\/logo\/image\/"}},{"@type":"WebSite","@id":"https:\/\/www.capurso-online.it\/capursonline\/#website","url":"https:\/\/www.capurso-online.it\/capursonline\/","name":"Capurso On Line","description":"Il portale di Capurso","publisher":{"@id":"https:\/\/www.capurso-online.it\/capursonline\/#organization"},"potentialAction":[{"@type":"SearchAction","target":{"@type":"EntryPoint","urlTemplate":"https:\/\/www.capurso-online.it\/capursonline\/?s={search_term_string}"},"query-input":"required name=search_term_string"}],"inLanguage":"it-IT"},{"@type":"WebPage","@id":"https:\/\/www.capurso-online.it\/capursonline\/index.php\/2025\/02\/14\/francesco-renga-e-cristiano-de-andre-da-sanremo-a-capurso-per-il-multiculturita-summer-festival\/","url":"https:\/\/www.capurso-online.it\/capursonline\/index.php\/2025\/02\/14\/francesco-renga-e-cristiano-de-andre-da-sanremo-a-capurso-per-il-multiculturita-summer-festival\/","name":"Francesco Renga e Cristiano De Andr\u00e8 da Sanremo a Capurso per il Multiculturita Summer Festival - Capurso On Line","isPartOf":{"@id":"https:\/\/www.capurso-online.it\/capursonline\/#website"},"datePublished":"2025-02-14T17:52:21+00:00","dateModified":"2025-02-17T09:53:06+00:00","breadcrumb":{"@id":"https:\/\/www.capurso-online.it\/capursonline\/index.php\/2025\/02\/14\/francesco-renga-e-cristiano-de-andre-da-sanremo-a-capurso-per-il-multiculturita-summer-festival\/#breadcrumb"},"inLanguage":"it-IT","potentialAction":[{"@type":"ReadAction","target":["https:\/\/www.capurso-online.it\/capursonline\/index.php\/2025\/02\/14\/francesco-renga-e-cristiano-de-andre-da-sanremo-a-capurso-per-il-multiculturita-summer-festival\/"]}]},{"@type":"BreadcrumbList","@id":"https:\/\/www.capurso-online.it\/capursonline\/index.php\/2025\/02\/14\/francesco-renga-e-cristiano-de-andre-da-sanremo-a-capurso-per-il-multiculturita-summer-festival\/#breadcrumb","itemListElement":[{"@type":"ListItem","position":1,"name":"Home","item":"https:\/\/www.capurso-online.it\/capursonline\/"},{"@type":"ListItem","position":2,"name":"Francesco Renga e Cristiano De Andr\u00e8 da Sanremo a Capurso per il Multiculturita Summer Festival"}]},{"@type":"Article","@id":"https:\/\/www.capurso-online.it\/capursonline\/index.php\/2025\/02\/14\/francesco-renga-e-cristiano-de-andre-da-sanremo-a-capurso-per-il-multiculturita-summer-festival\/#article","isPartOf":{"@id":"https:\/\/www.capurso-online.it\/capursonline\/index.php\/2025\/02\/14\/francesco-renga-e-cristiano-de-andre-da-sanremo-a-capurso-per-il-multiculturita-summer-festival\/"},"author":{"name":"capursoonline","@id":"https:\/\/www.capurso-online.it\/capursonline\/#\/schema\/person\/6c7fbbed57ef477e34824178324a9c1d"},"headline":"Francesco Renga e Cristiano De Andr\u00e8 da Sanremo a Capurso per il Multiculturita Summer Festival","datePublished":"2025-02-14T17:52:21+00:00","dateModified":"2025-02-17T09:53:06+00:00","mainEntityOfPage":{"@id":"https:\/\/www.capurso-online.it\/capursonline\/index.php\/2025\/02\/14\/francesco-renga-e-cristiano-de-andre-da-sanremo-a-capurso-per-il-multiculturita-summer-festival\/"},"wordCount":443,"commentCount":0,"publisher":{"@id":"https:\/\/www.capurso-online.it\/capursonline\/#organization"},"inLanguage":"it-IT","potentialAction":[{"@type":"CommentAction","name":"Comment","target":["https:\/\/www.capurso-online.it\/capursonline\/index.php\/2025\/02\/14\/francesco-renga-e-cristiano-de-andre-da-sanremo-a-capurso-per-il-multiculturita-summer-festival\/#respond"]}]},{"@type":"Person","@id":"https:\/\/www.capurso-online.it\/capursonline\/#\/schema\/person\/6c7fbbed57ef477e34824178324a9c1d","name":"capursoonline","image":{"@type":"ImageObject","inLanguage":"it-IT","@id":"https:\/\/www.capurso-online.it\/capursonline\/#\/schema\/person\/image\/","url":"https:\/\/secure.gravatar.com\/avatar\/f2d564d02d46c3576eebe0bd37a1fded?s=96&d=mm&r=g","contentUrl":"https:\/\/secure.gravatar.com\/avatar\/f2d564d02d46c3576eebe0bd37a1fded?s=96&d=mm&r=g","caption":"capursoonline"},"sameAs":["http:\/\/www.capurso-online.it\/capursonline","https:\/\/twitter.com\/capursoonline"],"url":"https:\/\/www.capurso-online.it\/capursonline\/index.php\/author\/capursoonline\/"}]}},"_links":{"self":[{"href":"https:\/\/www.capurso-online.it\/capursonline\/index.php\/wp-json\/wp\/v2\/posts\/1347"}],"collection":[{"href":"https:\/\/www.capurso-online.it\/capursonline\/index.php\/wp-json\/wp\/v2\/posts"}],"about":[{"href":"https:\/\/www.capurso-online.it\/capursonline\/index.php\/wp-json\/wp\/v2\/types\/post"}],"author":[{"embeddable":true,"href":"https:\/\/www.capurso-online.it\/capursonline\/index.php\/wp-json\/wp\/v2\/users\/1"}],"replies":[{"embeddable":true,"href":"https:\/\/www.capurso-online.it\/capursonline\/index.php\/wp-json\/wp\/v2\/comments?post=1347"}],"version-history":[{"count":2,"href":"https:\/\/www.capurso-online.it\/capursonline\/index.php\/wp-json\/wp\/v2\/posts\/1347\/revisions"}],"predecessor-version":[{"id":1352,"href":"https:\/\/www.capurso-online.it\/capursonline\/index.php\/wp-json\/wp\/v2\/posts\/1347\/revisions\/1352"}],"wp:featuredmedia":[{"embeddable":true,"href":"https:\/\/www.capurso-online.it\/capursonline\/index.php\/wp-json\/wp\/v2\/media\/1348"}],"wp:attachment":[{"href":"https:\/\/www.capurso-online.it\/capursonline\/index.php\/wp-json\/wp\/v2\/media?parent=1347"}],"wp:term":[{"taxonomy":"category","embeddable":true,"href":"https:\/\/www.capurso-online.it\/capursonline\/index.php\/wp-json\/wp\/v2\/categories?post=1347"},{"taxonomy":"post_tag","embeddable":true,"href":"https:\/\/www.capurso-online.it\/capursonline\/index.php\/wp-json\/wp\/v2\/tags?post=1347"}],"curies":[{"name":"wp","href":"https:\/\/api.w.org\/{rel}","templated":true}]}}