{"id":1560,"date":"2025-09-16T21:28:09","date_gmt":"2025-09-16T19:28:09","guid":{"rendered":"https:\/\/www.capurso-online.it\/capursonline\/?p=1560"},"modified":"2025-09-22T19:57:35","modified_gmt":"2025-09-22T17:57:35","slug":"al-via-dal-27-settembre-la-mostra-dellartista-albanese-elton-gllava","status":"publish","type":"post","link":"https:\/\/www.capurso-online.it\/capursonline\/index.php\/2025\/09\/16\/al-via-dal-27-settembre-la-mostra-dellartista-albanese-elton-gllava\/","title":{"rendered":"AL VIA DAL 27 SETTEMBRE LA MOSTRA DELL&#8217;ARTISTA ALBANESE ELTON GLLAVA"},"content":{"rendered":"<p><strong><img loading=\"lazy\" class=\"size-medium wp-image-1564 alignleft\" src=\"https:\/\/www.capurso-online.it\/capursonline\/wp-content\/uploads\/2025\/09\/Elton-Gllava-Fumo-e-silenzio-serie-Bulqize-2013-2017-1-200x300.jpg\" alt=\"\" width=\"200\" height=\"300\" srcset=\"https:\/\/www.capurso-online.it\/capursonline\/wp-content\/uploads\/2025\/09\/Elton-Gllava-Fumo-e-silenzio-serie-Bulqize-2013-2017-1-200x300.jpg 200w, https:\/\/www.capurso-online.it\/capursonline\/wp-content\/uploads\/2025\/09\/Elton-Gllava-Fumo-e-silenzio-serie-Bulqize-2013-2017-1-683x1024.jpg 683w, https:\/\/www.capurso-online.it\/capursonline\/wp-content\/uploads\/2025\/09\/Elton-Gllava-Fumo-e-silenzio-serie-Bulqize-2013-2017-1-768x1152.jpg 768w, https:\/\/www.capurso-online.it\/capursonline\/wp-content\/uploads\/2025\/09\/Elton-Gllava-Fumo-e-silenzio-serie-Bulqize-2013-2017-1-1024x1536.jpg 1024w, https:\/\/www.capurso-online.it\/capursonline\/wp-content\/uploads\/2025\/09\/Elton-Gllava-Fumo-e-silenzio-serie-Bulqize-2013-2017-1-1365x2048.jpg 1365w, https:\/\/www.capurso-online.it\/capursonline\/wp-content\/uploads\/2025\/09\/Elton-Gllava-Fumo-e-silenzio-serie-Bulqize-2013-2017-1-scaled.jpg 1707w\" sizes=\"(max-width: 200px) 100vw, 200px\" \/><\/strong><\/p>\n<p><strong>L\u2019EVENTO<\/strong><strong> &#8211; DAL 27 SETTEMBRE 2025 AL 10 GENNAIO 2026, NEI VICOLI DEL CENTRO STORICO DI TRIGGIANO<\/strong><\/p>\n<p><strong>Cromo e ingiustizia: il volto umano di Bulqiz\u00eb nel reportage dell\u2019artista albanese Elton Gllava<\/strong><\/p>\n<p>L\u2019evento \u00e8 promosso dalla Fondazione Pasquale Battista, che conferma cos\u00ec il proprio impegno a favore dell\u2019arte<\/p>\n<p><strong>TRIGGIANO (Ba)<\/strong> &#8211; Dal 27 settembre 2025 al 10 gennaio 2026, i vicoli del centro storico ospitano <strong>La litania del cromo | Litania e kromit<\/strong>, mostra fotografica diffusa e firmata dal fotografo albanese <strong>Elton Gllava<\/strong>, a cura di <strong>Manuela De Leonardis<\/strong> e con la direzione artistica di <strong>Annalisa Zito<\/strong> (Fondazione Pasquale Battista). Un progetto espositivo di forte intensit\u00e0 civile, che intreccia arte, memoria e denuncia sociale, portando al centro della scena il tema del lavoro e dei diritti umani.<\/p>\n<p><strong>UN RACCONTO DI SOFFERENZA &#8211; <\/strong>Attraverso immagini in bianco e nero di struggente potenza visiva, Gllava racconta la realt\u00e0 di <strong>Bulqiz\u00eb<\/strong>, cittadina mineraria del nord dell\u2019Albania, simbolo di sfruttamento e violazioni dei diritti umani che ancora oggi si consumano nel cuore dell\u2019Europa. Durante la dittatura comunista, i dissidenti politici venivano deportati e costretti ai lavori forzati nelle miniere di cromo: un\u2019eredit\u00e0 dolorosa che continua a riverberarsi nelle condizioni estreme di lavoro che caratterizzano il presente.<\/p>\n<p><strong>LA DIMENSIONE ISTITUZIONALE &#8211; <\/strong>L\u2019inaugurazione della mostra, prevista per sabato 27 settembre alle ore 18.30 in <strong>Largo Mercato<\/strong>, assume un forte significato istituzionale grazie alla presenza del console generale d\u2019Albania<strong> Arjan Vasjari<\/strong>. La sua partecipazione non \u00e8 soltanto testimonianza di vicinanza alla comunit\u00e0 albanese in Italia, ma anche segno tangibile del percorso di trasformazione compiuto dall\u2019Albania negli ultimi trent\u2019anni: da un Paese segnato da isolamento, dittatura e repressione a una nazione che oggi rivendica con forza i valori democratici e i diritti fondamentali. Tuttavia, la mostra ci ricorda come il cammino verso la piena giustizia sociale e la tutela dei lavoratori sia ancora incompiuto, in Albania come altrove.<\/p>\n<p><strong>UNA MOSTRA URBANA &#8211; <\/strong>Promossa dalla Fondazione Pasquale Battista e inserita nel programma \u201cCapaci di Legalit\u00e0\u201d in memoria dell\u2019agente di polizia <strong>Rocco Dicillo<\/strong>, vittima di mafia, l\u2019esposizione trasforma il centro storico di Triggiano in un museo a cielo aperto: da Via Garibaldi a Largo Mercato, da Via del Castello a Via Carroccio, fotografie e parole si intrecciano con l\u2019architettura urbana per dare voce a storie dimenticate.<\/p>\n<p>\u201cLe fotografie di Gllava restituiscono dignit\u00e0 ai soggetti ritratti e ci interrogano sul prezzo umano del lavoro in condizioni estreme\u201d, sottolinea la direttrice artistica <strong>Annalisa Zito<\/strong>, rimarcando la funzione dell\u2019arte pubblica come strumento di rigenerazione urbana e attivazione collettiva della memoria.<\/p>\n<p><strong>LA RADICE DEL PROGETTO &#8211; <\/strong>Il percorso creativo di Gllava nasce nel 2013, quando il fotografo &#8211; emigrato in Italia negli anni \u201890 &#8211; ritorna in Albania per riscoprire il proprio Paese d\u2019origine. Con la sua Hasselblad documenta la quotidianit\u00e0 e la fatica dei minatori, tornando pi\u00f9 volte a Bulqiz\u00eb con la necessit\u00e0 etica di fissare volti, gesti e silenzi. Da questo lavoro \u00e8 nato il libro <em>Bulqiz\u00eb<\/em> (Postcart, 2019), pubblicato in tre lingue, che ha dato eco internazionale al suo impegno.<\/p>\n<p>La mostra gode del patrocinio del Consolato Generale della Repubblica d\u2019Albania, della Regione Puglia, della Citt\u00e0 Metropolitana di Bari, del Comune di Triggiano, dell\u2019Accademia di Belle Arti di Bari, del Politecnico di Bari e dell\u2019Ordine degli architetti della provincia di Bari ed \u00e8 sostenuta dal main sponsor Levigas Luce e Gas &#8211; Gruppo Augusta Ratio.<\/p>\n<p><strong>ARTE COME COSCIENZA CIVILE &#8211; <\/strong>Dopo il successo delle mostre diffuse <em>Memoria senza indulgenza<\/em> di Tony Gentile, <em>Nur\/Luce<\/em> di Ma\u00efmouna Guerresi e <em>Per tutta la vita<\/em> di Silvia Levenson, la <strong>Fondazione Pasquale Battista<\/strong> conferma il proprio impegno verso un\u2019arte che supera i confini dell\u2019estetica per farsi voce, denuncia e coscienza collettiva. Con \u201cLa litania del cromo\u201d, Triggiano si fa crocevia di memoria e responsabilit\u00e0, ospitando una testimonianza che non solo illumina il passato e il presente dell\u2019Albania, ma interroga tutti noi sulle ingiustizie che persistono in Europa, nel silenzio troppo spesso complice delle istituzioni.<\/p>\n<p><strong>Dott. Tommaso Forte<br \/>\n<\/strong>__________________<br \/>\n\ud83d\udcf2\u00a0 <strong>Mobile:<\/strong> <strong>+39 346 8262198<\/strong><br \/>\n\ud83d\udce7 <strong>Email:<\/strong> <strong><a href=\"mailto:info@tommasoforte.it\">info@tommasoforte.it<\/a><\/strong><br \/>\n\ud83d\udcec <strong>PEC:<\/strong> <strong><a href=\"mailto:tommasoforte@pecgiornalisti.puglia.it\">tommasoforte@pecgiornalisti.puglia.it<\/a><\/strong><br \/>\n\ud83c\udf10 <strong>Social:<\/strong> \ud83d\udd35 <strong>Facebook<\/strong> | \ud83d\udc26 <strong>X (Twitter)<\/strong> | \ud83d\udcbc<strong> LinkedIn<\/strong> | \ud83d\udcf8<strong> Instagram<\/strong><\/p>\n","protected":false},"excerpt":{"rendered":"<p>L\u2019EVENTO &#8211; DAL 27 SETTEMBRE 2025 AL 10 GENNAIO 2026, NEI VICOLI DEL CENTRO STORICO<\/p>\n","protected":false},"author":1,"featured_media":1563,"comment_status":"open","ping_status":"open","sticky":false,"template":"","format":"standard","meta":[],"categories":[6,13],"tags":[],"yoast_head":"<!-- This site is optimized with the Yoast SEO plugin v19.4 - https:\/\/yoast.com\/wordpress\/plugins\/seo\/ -->\r\n<title>AL VIA DAL 27 SETTEMBRE LA MOSTRA DELL&#039;ARTISTA ALBANESE ELTON GLLAVA - Capurso On Line<\/title>\r\n<meta name=\"robots\" content=\"index, follow, max-snippet:-1, max-image-preview:large, max-video-preview:-1\" \/>\r\n<link rel=\"canonical\" href=\"https:\/\/www.capurso-online.it\/capursonline\/index.php\/2025\/09\/16\/al-via-dal-27-settembre-la-mostra-dellartista-albanese-elton-gllava\/\" \/>\r\n<meta property=\"og:locale\" content=\"it_IT\" \/>\r\n<meta property=\"og:type\" content=\"article\" \/>\r\n<meta property=\"og:title\" content=\"AL VIA DAL 27 SETTEMBRE LA MOSTRA DELL&#039;ARTISTA ALBANESE ELTON GLLAVA - Capurso On Line\" \/>\r\n<meta property=\"og:description\" content=\"L\u2019EVENTO &#8211; DAL 27 SETTEMBRE 2025 AL 10 GENNAIO 2026, NEI VICOLI DEL CENTRO STORICO\" \/>\r\n<meta property=\"og:url\" content=\"https:\/\/www.capurso-online.it\/capursonline\/index.php\/2025\/09\/16\/al-via-dal-27-settembre-la-mostra-dellartista-albanese-elton-gllava\/\" \/>\r\n<meta property=\"og:site_name\" content=\"Capurso On Line\" \/>\r\n<meta property=\"article:published_time\" content=\"2025-09-16T19:28:09+00:00\" \/>\r\n<meta property=\"article:modified_time\" content=\"2025-09-22T17:57:35+00:00\" \/>\r\n<meta property=\"og:image\" content=\"https:\/\/www.capurso-online.it\/capursonline\/wp-content\/uploads\/2025\/09\/Elton-Gllava-Corvi-serie-Bulqize-2013-2017-1-scaled.jpg\" \/>\r\n\t<meta property=\"og:image:width\" content=\"2560\" \/>\r\n\t<meta property=\"og:image:height\" content=\"1707\" \/>\r\n\t<meta property=\"og:image:type\" content=\"image\/jpeg\" \/>\r\n<meta name=\"author\" content=\"capursoonline\" \/>\r\n<meta name=\"twitter:card\" content=\"summary_large_image\" \/>\r\n<meta name=\"twitter:creator\" content=\"@capursoonline\" \/>\r\n<meta name=\"twitter:label1\" content=\"Scritto da\" \/>\n\t<meta name=\"twitter:data1\" content=\"capursoonline\" \/>\n\t<meta name=\"twitter:label2\" content=\"Tempo di lettura stimato\" \/>\n\t<meta name=\"twitter:data2\" content=\"4 minuti\" \/>\r\n<script type=\"application\/ld+json\" class=\"yoast-schema-graph\">{\"@context\":\"https:\/\/schema.org\",\"@graph\":[{\"@type\":\"Organization\",\"@id\":\"https:\/\/www.capurso-online.it\/capursonline\/#organization\",\"name\":\"Capurso On Line\",\"url\":\"https:\/\/www.capurso-online.it\/capursonline\/\",\"sameAs\":[],\"logo\":{\"@type\":\"ImageObject\",\"inLanguage\":\"it-IT\",\"@id\":\"https:\/\/www.capurso-online.it\/capursonline\/#\/schema\/logo\/image\/\",\"url\":\"https:\/\/www.capurso-online.it\/capursonline\/wp-content\/uploads\/2020\/11\/cropped-logo.png\",\"contentUrl\":\"https:\/\/www.capurso-online.it\/capursonline\/wp-content\/uploads\/2020\/11\/cropped-logo.png\",\"width\":3604,\"height\":1531,\"caption\":\"Capurso On Line\"},\"image\":{\"@id\":\"https:\/\/www.capurso-online.it\/capursonline\/#\/schema\/logo\/image\/\"}},{\"@type\":\"WebSite\",\"@id\":\"https:\/\/www.capurso-online.it\/capursonline\/#website\",\"url\":\"https:\/\/www.capurso-online.it\/capursonline\/\",\"name\":\"Capurso On Line\",\"description\":\"Il portale di Capurso\",\"publisher\":{\"@id\":\"https:\/\/www.capurso-online.it\/capursonline\/#organization\"},\"potentialAction\":[{\"@type\":\"SearchAction\",\"target\":{\"@type\":\"EntryPoint\",\"urlTemplate\":\"https:\/\/www.capurso-online.it\/capursonline\/?s={search_term_string}\"},\"query-input\":\"required name=search_term_string\"}],\"inLanguage\":\"it-IT\"},{\"@type\":\"WebPage\",\"@id\":\"https:\/\/www.capurso-online.it\/capursonline\/index.php\/2025\/09\/16\/al-via-dal-27-settembre-la-mostra-dellartista-albanese-elton-gllava\/\",\"url\":\"https:\/\/www.capurso-online.it\/capursonline\/index.php\/2025\/09\/16\/al-via-dal-27-settembre-la-mostra-dellartista-albanese-elton-gllava\/\",\"name\":\"AL VIA DAL 27 SETTEMBRE LA MOSTRA DELL'ARTISTA ALBANESE ELTON GLLAVA - Capurso On Line\",\"isPartOf\":{\"@id\":\"https:\/\/www.capurso-online.it\/capursonline\/#website\"},\"datePublished\":\"2025-09-16T19:28:09+00:00\",\"dateModified\":\"2025-09-22T17:57:35+00:00\",\"breadcrumb\":{\"@id\":\"https:\/\/www.capurso-online.it\/capursonline\/index.php\/2025\/09\/16\/al-via-dal-27-settembre-la-mostra-dellartista-albanese-elton-gllava\/#breadcrumb\"},\"inLanguage\":\"it-IT\",\"potentialAction\":[{\"@type\":\"ReadAction\",\"target\":[\"https:\/\/www.capurso-online.it\/capursonline\/index.php\/2025\/09\/16\/al-via-dal-27-settembre-la-mostra-dellartista-albanese-elton-gllava\/\"]}]},{\"@type\":\"BreadcrumbList\",\"@id\":\"https:\/\/www.capurso-online.it\/capursonline\/index.php\/2025\/09\/16\/al-via-dal-27-settembre-la-mostra-dellartista-albanese-elton-gllava\/#breadcrumb\",\"itemListElement\":[{\"@type\":\"ListItem\",\"position\":1,\"name\":\"Home\",\"item\":\"https:\/\/www.capurso-online.it\/capursonline\/\"},{\"@type\":\"ListItem\",\"position\":2,\"name\":\"AL VIA DAL 27 SETTEMBRE LA MOSTRA DELL&#8217;ARTISTA ALBANESE ELTON GLLAVA\"}]},{\"@type\":\"Article\",\"@id\":\"https:\/\/www.capurso-online.it\/capursonline\/index.php\/2025\/09\/16\/al-via-dal-27-settembre-la-mostra-dellartista-albanese-elton-gllava\/#article\",\"isPartOf\":{\"@id\":\"https:\/\/www.capurso-online.it\/capursonline\/index.php\/2025\/09\/16\/al-via-dal-27-settembre-la-mostra-dellartista-albanese-elton-gllava\/\"},\"author\":{\"name\":\"capursoonline\",\"@id\":\"https:\/\/www.capurso-online.it\/capursonline\/#\/schema\/person\/6c7fbbed57ef477e34824178324a9c1d\"},\"headline\":\"AL VIA DAL 27 SETTEMBRE LA MOSTRA DELL&#8217;ARTISTA ALBANESE ELTON GLLAVA\",\"datePublished\":\"2025-09-16T19:28:09+00:00\",\"dateModified\":\"2025-09-22T17:57:35+00:00\",\"mainEntityOfPage\":{\"@id\":\"https:\/\/www.capurso-online.it\/capursonline\/index.php\/2025\/09\/16\/al-via-dal-27-settembre-la-mostra-dellartista-albanese-elton-gllava\/\"},\"wordCount\":701,\"commentCount\":0,\"publisher\":{\"@id\":\"https:\/\/www.capurso-online.it\/capursonline\/#organization\"},\"articleSection\":[\"Attualit\u00e0 &amp; Cronaca\",\"Comunicati Stampa\"],\"inLanguage\":\"it-IT\",\"potentialAction\":[{\"@type\":\"CommentAction\",\"name\":\"Comment\",\"target\":[\"https:\/\/www.capurso-online.it\/capursonline\/index.php\/2025\/09\/16\/al-via-dal-27-settembre-la-mostra-dellartista-albanese-elton-gllava\/#respond\"]}]},{\"@type\":\"Person\",\"@id\":\"https:\/\/www.capurso-online.it\/capursonline\/#\/schema\/person\/6c7fbbed57ef477e34824178324a9c1d\",\"name\":\"capursoonline\",\"image\":{\"@type\":\"ImageObject\",\"inLanguage\":\"it-IT\",\"@id\":\"https:\/\/www.capurso-online.it\/capursonline\/#\/schema\/person\/image\/\",\"url\":\"https:\/\/secure.gravatar.com\/avatar\/f2d564d02d46c3576eebe0bd37a1fded?s=96&d=mm&r=g\",\"contentUrl\":\"https:\/\/secure.gravatar.com\/avatar\/f2d564d02d46c3576eebe0bd37a1fded?s=96&d=mm&r=g\",\"caption\":\"capursoonline\"},\"sameAs\":[\"http:\/\/www.capurso-online.it\/capursonline\",\"https:\/\/twitter.com\/capursoonline\"],\"url\":\"https:\/\/www.capurso-online.it\/capursonline\/index.php\/author\/capursoonline\/\"}]}<\/script>\r\n<!-- \/ Yoast SEO plugin. -->","yoast_head_json":{"title":"AL VIA DAL 27 SETTEMBRE LA MOSTRA DELL'ARTISTA ALBANESE ELTON GLLAVA - Capurso On Line","robots":{"index":"index","follow":"follow","max-snippet":"max-snippet:-1","max-image-preview":"max-image-preview:large","max-video-preview":"max-video-preview:-1"},"canonical":"https:\/\/www.capurso-online.it\/capursonline\/index.php\/2025\/09\/16\/al-via-dal-27-settembre-la-mostra-dellartista-albanese-elton-gllava\/","og_locale":"it_IT","og_type":"article","og_title":"AL VIA DAL 27 SETTEMBRE LA MOSTRA DELL'ARTISTA ALBANESE ELTON GLLAVA - Capurso On Line","og_description":"L\u2019EVENTO &#8211; DAL 27 SETTEMBRE 2025 AL 10 GENNAIO 2026, NEI VICOLI DEL CENTRO STORICO","og_url":"https:\/\/www.capurso-online.it\/capursonline\/index.php\/2025\/09\/16\/al-via-dal-27-settembre-la-mostra-dellartista-albanese-elton-gllava\/","og_site_name":"Capurso On Line","article_published_time":"2025-09-16T19:28:09+00:00","article_modified_time":"2025-09-22T17:57:35+00:00","og_image":[{"width":2560,"height":1707,"url":"https:\/\/www.capurso-online.it\/capursonline\/wp-content\/uploads\/2025\/09\/Elton-Gllava-Corvi-serie-Bulqize-2013-2017-1-scaled.jpg","type":"image\/jpeg"}],"author":"capursoonline","twitter_card":"summary_large_image","twitter_creator":"@capursoonline","twitter_misc":{"Scritto da":"capursoonline","Tempo di lettura stimato":"4 minuti"},"schema":{"@context":"https:\/\/schema.org","@graph":[{"@type":"Organization","@id":"https:\/\/www.capurso-online.it\/capursonline\/#organization","name":"Capurso On Line","url":"https:\/\/www.capurso-online.it\/capursonline\/","sameAs":[],"logo":{"@type":"ImageObject","inLanguage":"it-IT","@id":"https:\/\/www.capurso-online.it\/capursonline\/#\/schema\/logo\/image\/","url":"https:\/\/www.capurso-online.it\/capursonline\/wp-content\/uploads\/2020\/11\/cropped-logo.png","contentUrl":"https:\/\/www.capurso-online.it\/capursonline\/wp-content\/uploads\/2020\/11\/cropped-logo.png","width":3604,"height":1531,"caption":"Capurso On Line"},"image":{"@id":"https:\/\/www.capurso-online.it\/capursonline\/#\/schema\/logo\/image\/"}},{"@type":"WebSite","@id":"https:\/\/www.capurso-online.it\/capursonline\/#website","url":"https:\/\/www.capurso-online.it\/capursonline\/","name":"Capurso On Line","description":"Il portale di Capurso","publisher":{"@id":"https:\/\/www.capurso-online.it\/capursonline\/#organization"},"potentialAction":[{"@type":"SearchAction","target":{"@type":"EntryPoint","urlTemplate":"https:\/\/www.capurso-online.it\/capursonline\/?s={search_term_string}"},"query-input":"required name=search_term_string"}],"inLanguage":"it-IT"},{"@type":"WebPage","@id":"https:\/\/www.capurso-online.it\/capursonline\/index.php\/2025\/09\/16\/al-via-dal-27-settembre-la-mostra-dellartista-albanese-elton-gllava\/","url":"https:\/\/www.capurso-online.it\/capursonline\/index.php\/2025\/09\/16\/al-via-dal-27-settembre-la-mostra-dellartista-albanese-elton-gllava\/","name":"AL VIA DAL 27 SETTEMBRE LA MOSTRA DELL'ARTISTA ALBANESE ELTON GLLAVA - Capurso On Line","isPartOf":{"@id":"https:\/\/www.capurso-online.it\/capursonline\/#website"},"datePublished":"2025-09-16T19:28:09+00:00","dateModified":"2025-09-22T17:57:35+00:00","breadcrumb":{"@id":"https:\/\/www.capurso-online.it\/capursonline\/index.php\/2025\/09\/16\/al-via-dal-27-settembre-la-mostra-dellartista-albanese-elton-gllava\/#breadcrumb"},"inLanguage":"it-IT","potentialAction":[{"@type":"ReadAction","target":["https:\/\/www.capurso-online.it\/capursonline\/index.php\/2025\/09\/16\/al-via-dal-27-settembre-la-mostra-dellartista-albanese-elton-gllava\/"]}]},{"@type":"BreadcrumbList","@id":"https:\/\/www.capurso-online.it\/capursonline\/index.php\/2025\/09\/16\/al-via-dal-27-settembre-la-mostra-dellartista-albanese-elton-gllava\/#breadcrumb","itemListElement":[{"@type":"ListItem","position":1,"name":"Home","item":"https:\/\/www.capurso-online.it\/capursonline\/"},{"@type":"ListItem","position":2,"name":"AL VIA DAL 27 SETTEMBRE LA MOSTRA DELL&#8217;ARTISTA ALBANESE ELTON GLLAVA"}]},{"@type":"Article","@id":"https:\/\/www.capurso-online.it\/capursonline\/index.php\/2025\/09\/16\/al-via-dal-27-settembre-la-mostra-dellartista-albanese-elton-gllava\/#article","isPartOf":{"@id":"https:\/\/www.capurso-online.it\/capursonline\/index.php\/2025\/09\/16\/al-via-dal-27-settembre-la-mostra-dellartista-albanese-elton-gllava\/"},"author":{"name":"capursoonline","@id":"https:\/\/www.capurso-online.it\/capursonline\/#\/schema\/person\/6c7fbbed57ef477e34824178324a9c1d"},"headline":"AL VIA DAL 27 SETTEMBRE LA MOSTRA DELL&#8217;ARTISTA ALBANESE ELTON GLLAVA","datePublished":"2025-09-16T19:28:09+00:00","dateModified":"2025-09-22T17:57:35+00:00","mainEntityOfPage":{"@id":"https:\/\/www.capurso-online.it\/capursonline\/index.php\/2025\/09\/16\/al-via-dal-27-settembre-la-mostra-dellartista-albanese-elton-gllava\/"},"wordCount":701,"commentCount":0,"publisher":{"@id":"https:\/\/www.capurso-online.it\/capursonline\/#organization"},"articleSection":["Attualit\u00e0 &amp; Cronaca","Comunicati Stampa"],"inLanguage":"it-IT","potentialAction":[{"@type":"CommentAction","name":"Comment","target":["https:\/\/www.capurso-online.it\/capursonline\/index.php\/2025\/09\/16\/al-via-dal-27-settembre-la-mostra-dellartista-albanese-elton-gllava\/#respond"]}]},{"@type":"Person","@id":"https:\/\/www.capurso-online.it\/capursonline\/#\/schema\/person\/6c7fbbed57ef477e34824178324a9c1d","name":"capursoonline","image":{"@type":"ImageObject","inLanguage":"it-IT","@id":"https:\/\/www.capurso-online.it\/capursonline\/#\/schema\/person\/image\/","url":"https:\/\/secure.gravatar.com\/avatar\/f2d564d02d46c3576eebe0bd37a1fded?s=96&d=mm&r=g","contentUrl":"https:\/\/secure.gravatar.com\/avatar\/f2d564d02d46c3576eebe0bd37a1fded?s=96&d=mm&r=g","caption":"capursoonline"},"sameAs":["http:\/\/www.capurso-online.it\/capursonline","https:\/\/twitter.com\/capursoonline"],"url":"https:\/\/www.capurso-online.it\/capursonline\/index.php\/author\/capursoonline\/"}]}},"_links":{"self":[{"href":"https:\/\/www.capurso-online.it\/capursonline\/index.php\/wp-json\/wp\/v2\/posts\/1560"}],"collection":[{"href":"https:\/\/www.capurso-online.it\/capursonline\/index.php\/wp-json\/wp\/v2\/posts"}],"about":[{"href":"https:\/\/www.capurso-online.it\/capursonline\/index.php\/wp-json\/wp\/v2\/types\/post"}],"author":[{"embeddable":true,"href":"https:\/\/www.capurso-online.it\/capursonline\/index.php\/wp-json\/wp\/v2\/users\/1"}],"replies":[{"embeddable":true,"href":"https:\/\/www.capurso-online.it\/capursonline\/index.php\/wp-json\/wp\/v2\/comments?post=1560"}],"version-history":[{"count":6,"href":"https:\/\/www.capurso-online.it\/capursonline\/index.php\/wp-json\/wp\/v2\/posts\/1560\/revisions"}],"predecessor-version":[{"id":1571,"href":"https:\/\/www.capurso-online.it\/capursonline\/index.php\/wp-json\/wp\/v2\/posts\/1560\/revisions\/1571"}],"wp:featuredmedia":[{"embeddable":true,"href":"https:\/\/www.capurso-online.it\/capursonline\/index.php\/wp-json\/wp\/v2\/media\/1563"}],"wp:attachment":[{"href":"https:\/\/www.capurso-online.it\/capursonline\/index.php\/wp-json\/wp\/v2\/media?parent=1560"}],"wp:term":[{"taxonomy":"category","embeddable":true,"href":"https:\/\/www.capurso-online.it\/capursonline\/index.php\/wp-json\/wp\/v2\/categories?post=1560"},{"taxonomy":"post_tag","embeddable":true,"href":"https:\/\/www.capurso-online.it\/capursonline\/index.php\/wp-json\/wp\/v2\/tags?post=1560"}],"curies":[{"name":"wp","href":"https:\/\/api.w.org\/{rel}","templated":true}]}}