{"id":633,"date":"2021-09-18T09:40:04","date_gmt":"2021-09-18T07:40:04","guid":{"rendered":"https:\/\/www.capurso-online.it\/capursonline\/?p=633"},"modified":"2021-09-20T23:09:03","modified_gmt":"2021-09-20T21:09:03","slug":"capurso-aderisce-alla-settimana-europea-della-mobilita-domenica-19-biciclettate-e-passeggiate-in-sicurezza","status":"publish","type":"post","link":"https:\/\/www.capurso-online.it\/capursonline\/index.php\/2021\/09\/18\/capurso-aderisce-alla-settimana-europea-della-mobilita-domenica-19-biciclettate-e-passeggiate-in-sicurezza\/","title":{"rendered":"Capurso aderisce alla settimana europea della mobilit\u00e0. Domenica 19, biciclettate e passeggiate in sicurezza"},"content":{"rendered":"<div class=\"o9v6fnle cxmmr5t8 oygrvhab hcukyx3x c1et5uql ii04i59q\">\n<div dir=\"auto\"><img loading=\"lazy\" class=\"size-medium wp-image-639 alignleft\" src=\"https:\/\/www.capurso-online.it\/capursonline\/wp-content\/uploads\/2021\/09\/locandinamobilit-210x300.jpeg\" alt=\"\" width=\"210\" height=\"300\" srcset=\"https:\/\/www.capurso-online.it\/capursonline\/wp-content\/uploads\/2021\/09\/locandinamobilit-210x300.jpeg 210w, https:\/\/www.capurso-online.it\/capursonline\/wp-content\/uploads\/2021\/09\/locandinamobilit-715x1024.jpeg 715w, https:\/\/www.capurso-online.it\/capursonline\/wp-content\/uploads\/2021\/09\/locandinamobilit-768x1099.jpeg 768w, https:\/\/www.capurso-online.it\/capursonline\/wp-content\/uploads\/2021\/09\/locandinamobilit.jpeg 992w\" sizes=\"(max-width: 210px) 100vw, 210px\" \/>A 20 anni dall&#8217;istituzione di una giornata europea della mobilit\u00e0, dove si incoraggiano i cittadini europei a tenersi in forma fisicamente e mentalmente, esplorando la bellezza delle citt\u00e0 e avendo cura dell&#8217;ambiente e della salute nella scelta tra le differenti modalit\u00e0 di trasporto, anche Capurso ha aderito allo slogan del 2021 <strong>\u201cMuoviti in modo sostenibile. Vivi in salute\u201d.<br \/>\n<\/strong><em>&#8220;Le tematiche relative alla sostenibilit\u00e0 ambientale sono sempre pi\u00f9 attenzionate dalle amministrazioni pubbliche ma anche da buona parte della cittadinanza&#8221;<\/em> dichiara l&#8217;<strong>Assessore all&#8217;Ambiente Claudia Nitti<\/strong> che conclude &#8211; <em>&#8220;La crescente sensibilit\u00e0 che anche la nostra comunit\u00e0 manifesta ci porta a voler parlare e confrontarci sul tema della mobilit\u00e0 sostenibile, sulla necessit\u00e0 di cercare alternative al traffico veicolare, sul ruolo delle biciclette, delle piste ciclabili e dei monopattini. Non mancheranno aggiornamenti su quelli che saranno le azioni di pianificazione e progettazione che intendiamo, come amministrazione, porre in essere. L&#8217;invito e&#8217; a voler partecipare all&#8217;incontro organizzato il 19 sera affinch\u00e9 si possa rafforzare la collaborazione tra istituzione e utenza, e a voler vivere i luoghi che stiamo chiudendo al traffico passeggiando in bicicletta o a piedi, in sicurezza e salubrit\u00e0&#8221;.<\/em><\/div>\n<\/div>\n<p><strong>Il programma degli appuntamenti di Domenica 19 settembre 2021<\/strong><\/p>\n<div class=\"o9v6fnle cxmmr5t8 oygrvhab hcukyx3x c1et5uql ii04i59q\">\n<div dir=\"auto\">Saranno chiuse al traffico veicolare:<\/div>\n<div dir=\"auto\">&#8211; via Cellamare, per permettere una &#8220;Domenica in bici&#8221;, una passeggiata pubblica in sicurezza, a partire dalle ore 9:00;<\/div>\n<div dir=\"auto\">&#8211; via Madonna del Pozzo, per permettere \u201c300 passi di mobilit\u00e0\u201d, a partire dalle ore 18:00.<\/div>\n<\/div>\n<div class=\"o9v6fnle cxmmr5t8 oygrvhab hcukyx3x c1et5uql ii04i59q\">\n<div dir=\"auto\">Alle ore 19:00, presso la Villa comunale, incontro dal tema \u201cOltre il traffico: nuove prospettive di mobilit\u00e0 sostenibile\u201d dove interverranno il Sindaco di Capurso <strong>Michele Laricchia<\/strong>, il Presidente Coop. \u201cIl Girasole\u201d <strong>Cristina Lovascio<\/strong> e il Direttore del Centro Studi \u201cZ. Bauman\u201d <strong>Pasquale Castellano.<br \/>\n<\/strong>L\u2019incontro sar\u00e0 moderato dall&#8217;Assessore <strong>Claudia Nitti<\/strong>.<\/div>\n<div dir=\"auto\"><em>&#8220;L&#8217;invito e&#8217; a riflettere sull&#8217;importanza di incentivare e scegliere una mobilit\u00e0 sostenibile&#8221;,<\/em> ha concluso Claudia Nitti.<\/div>\n<\/div>\n","protected":false},"excerpt":{"rendered":"<p>A 20 anni dall&#8217;istituzione di una giornata europea della mobilit\u00e0, dove si incoraggiano i cittadini<\/p>\n","protected":false},"author":1,"featured_media":635,"comment_status":"open","ping_status":"open","sticky":false,"template":"","format":"standard","meta":[],"categories":[6,10,24],"tags":[],"yoast_head":"<!-- This site is optimized with the Yoast SEO plugin v19.4 - https:\/\/yoast.com\/wordpress\/plugins\/seo\/ -->\r\n<title>Capurso aderisce alla settimana europea della mobilit\u00e0. Domenica 19, biciclettate e passeggiate in sicurezza - Capurso On Line<\/title>\r\n<meta name=\"robots\" content=\"index, follow, max-snippet:-1, max-image-preview:large, max-video-preview:-1\" \/>\r\n<link rel=\"canonical\" href=\"https:\/\/www.capurso-online.it\/capursonline\/index.php\/2021\/09\/18\/capurso-aderisce-alla-settimana-europea-della-mobilita-domenica-19-biciclettate-e-passeggiate-in-sicurezza\/\" \/>\r\n<meta property=\"og:locale\" content=\"it_IT\" \/>\r\n<meta property=\"og:type\" content=\"article\" \/>\r\n<meta property=\"og:title\" content=\"Capurso aderisce alla settimana europea della mobilit\u00e0. Domenica 19, biciclettate e passeggiate in sicurezza - Capurso On Line\" \/>\r\n<meta property=\"og:description\" content=\"A 20 anni dall&#8217;istituzione di una giornata europea della mobilit\u00e0, dove si incoraggiano i cittadini\" \/>\r\n<meta property=\"og:url\" content=\"https:\/\/www.capurso-online.it\/capursonline\/index.php\/2021\/09\/18\/capurso-aderisce-alla-settimana-europea-della-mobilita-domenica-19-biciclettate-e-passeggiate-in-sicurezza\/\" \/>\r\n<meta property=\"og:site_name\" content=\"Capurso On Line\" \/>\r\n<meta property=\"article:published_time\" content=\"2021-09-18T07:40:04+00:00\" \/>\r\n<meta property=\"article:modified_time\" content=\"2021-09-20T21:09:03+00:00\" \/>\r\n<meta property=\"og:image\" content=\"https:\/\/www.capurso-online.it\/capursonline\/wp-content\/uploads\/2021\/09\/2021-EMW-Banner-IT.png\" \/>\r\n\t<meta property=\"og:image:width\" content=\"1280\" \/>\r\n\t<meta property=\"og:image:height\" content=\"720\" \/>\r\n\t<meta property=\"og:image:type\" content=\"image\/png\" \/>\r\n<meta name=\"author\" content=\"capursoonline\" \/>\r\n<meta name=\"twitter:card\" content=\"summary_large_image\" \/>\r\n<meta name=\"twitter:creator\" content=\"@capursoonline\" \/>\r\n<meta name=\"twitter:label1\" content=\"Scritto da\" \/>\n\t<meta name=\"twitter:data1\" content=\"capursoonline\" \/>\n\t<meta name=\"twitter:label2\" content=\"Tempo di lettura stimato\" \/>\n\t<meta name=\"twitter:data2\" content=\"2 minuti\" \/>\r\n<script type=\"application\/ld+json\" class=\"yoast-schema-graph\">{\"@context\":\"https:\/\/schema.org\",\"@graph\":[{\"@type\":\"Organization\",\"@id\":\"https:\/\/www.capurso-online.it\/capursonline\/#organization\",\"name\":\"Capurso On Line\",\"url\":\"https:\/\/www.capurso-online.it\/capursonline\/\",\"sameAs\":[],\"logo\":{\"@type\":\"ImageObject\",\"inLanguage\":\"it-IT\",\"@id\":\"https:\/\/www.capurso-online.it\/capursonline\/#\/schema\/logo\/image\/\",\"url\":\"https:\/\/www.capurso-online.it\/capursonline\/wp-content\/uploads\/2020\/11\/cropped-logo.png\",\"contentUrl\":\"https:\/\/www.capurso-online.it\/capursonline\/wp-content\/uploads\/2020\/11\/cropped-logo.png\",\"width\":3604,\"height\":1531,\"caption\":\"Capurso On Line\"},\"image\":{\"@id\":\"https:\/\/www.capurso-online.it\/capursonline\/#\/schema\/logo\/image\/\"}},{\"@type\":\"WebSite\",\"@id\":\"https:\/\/www.capurso-online.it\/capursonline\/#website\",\"url\":\"https:\/\/www.capurso-online.it\/capursonline\/\",\"name\":\"Capurso On Line\",\"description\":\"Il portale di Capurso\",\"publisher\":{\"@id\":\"https:\/\/www.capurso-online.it\/capursonline\/#organization\"},\"potentialAction\":[{\"@type\":\"SearchAction\",\"target\":{\"@type\":\"EntryPoint\",\"urlTemplate\":\"https:\/\/www.capurso-online.it\/capursonline\/?s={search_term_string}\"},\"query-input\":\"required name=search_term_string\"}],\"inLanguage\":\"it-IT\"},{\"@type\":\"WebPage\",\"@id\":\"https:\/\/www.capurso-online.it\/capursonline\/index.php\/2021\/09\/18\/capurso-aderisce-alla-settimana-europea-della-mobilita-domenica-19-biciclettate-e-passeggiate-in-sicurezza\/\",\"url\":\"https:\/\/www.capurso-online.it\/capursonline\/index.php\/2021\/09\/18\/capurso-aderisce-alla-settimana-europea-della-mobilita-domenica-19-biciclettate-e-passeggiate-in-sicurezza\/\",\"name\":\"Capurso aderisce alla settimana europea della mobilit\u00e0. Domenica 19, biciclettate e passeggiate in sicurezza - Capurso On Line\",\"isPartOf\":{\"@id\":\"https:\/\/www.capurso-online.it\/capursonline\/#website\"},\"datePublished\":\"2021-09-18T07:40:04+00:00\",\"dateModified\":\"2021-09-20T21:09:03+00:00\",\"breadcrumb\":{\"@id\":\"https:\/\/www.capurso-online.it\/capursonline\/index.php\/2021\/09\/18\/capurso-aderisce-alla-settimana-europea-della-mobilita-domenica-19-biciclettate-e-passeggiate-in-sicurezza\/#breadcrumb\"},\"inLanguage\":\"it-IT\",\"potentialAction\":[{\"@type\":\"ReadAction\",\"target\":[\"https:\/\/www.capurso-online.it\/capursonline\/index.php\/2021\/09\/18\/capurso-aderisce-alla-settimana-europea-della-mobilita-domenica-19-biciclettate-e-passeggiate-in-sicurezza\/\"]}]},{\"@type\":\"BreadcrumbList\",\"@id\":\"https:\/\/www.capurso-online.it\/capursonline\/index.php\/2021\/09\/18\/capurso-aderisce-alla-settimana-europea-della-mobilita-domenica-19-biciclettate-e-passeggiate-in-sicurezza\/#breadcrumb\",\"itemListElement\":[{\"@type\":\"ListItem\",\"position\":1,\"name\":\"Home\",\"item\":\"https:\/\/www.capurso-online.it\/capursonline\/\"},{\"@type\":\"ListItem\",\"position\":2,\"name\":\"Capurso aderisce alla settimana europea della mobilit\u00e0. Domenica 19, biciclettate e passeggiate in sicurezza\"}]},{\"@type\":\"Article\",\"@id\":\"https:\/\/www.capurso-online.it\/capursonline\/index.php\/2021\/09\/18\/capurso-aderisce-alla-settimana-europea-della-mobilita-domenica-19-biciclettate-e-passeggiate-in-sicurezza\/#article\",\"isPartOf\":{\"@id\":\"https:\/\/www.capurso-online.it\/capursonline\/index.php\/2021\/09\/18\/capurso-aderisce-alla-settimana-europea-della-mobilita-domenica-19-biciclettate-e-passeggiate-in-sicurezza\/\"},\"author\":{\"name\":\"capursoonline\",\"@id\":\"https:\/\/www.capurso-online.it\/capursonline\/#\/schema\/person\/6c7fbbed57ef477e34824178324a9c1d\"},\"headline\":\"Capurso aderisce alla settimana europea della mobilit\u00e0. Domenica 19, biciclettate e passeggiate in sicurezza\",\"datePublished\":\"2021-09-18T07:40:04+00:00\",\"dateModified\":\"2021-09-20T21:09:03+00:00\",\"mainEntityOfPage\":{\"@id\":\"https:\/\/www.capurso-online.it\/capursonline\/index.php\/2021\/09\/18\/capurso-aderisce-alla-settimana-europea-della-mobilita-domenica-19-biciclettate-e-passeggiate-in-sicurezza\/\"},\"wordCount\":312,\"commentCount\":0,\"publisher\":{\"@id\":\"https:\/\/www.capurso-online.it\/capursonline\/#organization\"},\"articleSection\":[\"Attualit\u00e0 &amp; Cronaca\",\"Cultura &amp; Sport\",\"Varie di vita comunale\"],\"inLanguage\":\"it-IT\",\"potentialAction\":[{\"@type\":\"CommentAction\",\"name\":\"Comment\",\"target\":[\"https:\/\/www.capurso-online.it\/capursonline\/index.php\/2021\/09\/18\/capurso-aderisce-alla-settimana-europea-della-mobilita-domenica-19-biciclettate-e-passeggiate-in-sicurezza\/#respond\"]}]},{\"@type\":\"Person\",\"@id\":\"https:\/\/www.capurso-online.it\/capursonline\/#\/schema\/person\/6c7fbbed57ef477e34824178324a9c1d\",\"name\":\"capursoonline\",\"image\":{\"@type\":\"ImageObject\",\"inLanguage\":\"it-IT\",\"@id\":\"https:\/\/www.capurso-online.it\/capursonline\/#\/schema\/person\/image\/\",\"url\":\"https:\/\/secure.gravatar.com\/avatar\/f2d564d02d46c3576eebe0bd37a1fded?s=96&d=mm&r=g\",\"contentUrl\":\"https:\/\/secure.gravatar.com\/avatar\/f2d564d02d46c3576eebe0bd37a1fded?s=96&d=mm&r=g\",\"caption\":\"capursoonline\"},\"sameAs\":[\"http:\/\/www.capurso-online.it\/capursonline\",\"https:\/\/twitter.com\/capursoonline\"],\"url\":\"https:\/\/www.capurso-online.it\/capursonline\/index.php\/author\/capursoonline\/\"}]}<\/script>\r\n<!-- \/ Yoast SEO plugin. -->","yoast_head_json":{"title":"Capurso aderisce alla settimana europea della mobilit\u00e0. Domenica 19, biciclettate e passeggiate in sicurezza - Capurso On Line","robots":{"index":"index","follow":"follow","max-snippet":"max-snippet:-1","max-image-preview":"max-image-preview:large","max-video-preview":"max-video-preview:-1"},"canonical":"https:\/\/www.capurso-online.it\/capursonline\/index.php\/2021\/09\/18\/capurso-aderisce-alla-settimana-europea-della-mobilita-domenica-19-biciclettate-e-passeggiate-in-sicurezza\/","og_locale":"it_IT","og_type":"article","og_title":"Capurso aderisce alla settimana europea della mobilit\u00e0. Domenica 19, biciclettate e passeggiate in sicurezza - Capurso On Line","og_description":"A 20 anni dall&#8217;istituzione di una giornata europea della mobilit\u00e0, dove si incoraggiano i cittadini","og_url":"https:\/\/www.capurso-online.it\/capursonline\/index.php\/2021\/09\/18\/capurso-aderisce-alla-settimana-europea-della-mobilita-domenica-19-biciclettate-e-passeggiate-in-sicurezza\/","og_site_name":"Capurso On Line","article_published_time":"2021-09-18T07:40:04+00:00","article_modified_time":"2021-09-20T21:09:03+00:00","og_image":[{"width":1280,"height":720,"url":"https:\/\/www.capurso-online.it\/capursonline\/wp-content\/uploads\/2021\/09\/2021-EMW-Banner-IT.png","type":"image\/png"}],"author":"capursoonline","twitter_card":"summary_large_image","twitter_creator":"@capursoonline","twitter_misc":{"Scritto da":"capursoonline","Tempo di lettura stimato":"2 minuti"},"schema":{"@context":"https:\/\/schema.org","@graph":[{"@type":"Organization","@id":"https:\/\/www.capurso-online.it\/capursonline\/#organization","name":"Capurso On Line","url":"https:\/\/www.capurso-online.it\/capursonline\/","sameAs":[],"logo":{"@type":"ImageObject","inLanguage":"it-IT","@id":"https:\/\/www.capurso-online.it\/capursonline\/#\/schema\/logo\/image\/","url":"https:\/\/www.capurso-online.it\/capursonline\/wp-content\/uploads\/2020\/11\/cropped-logo.png","contentUrl":"https:\/\/www.capurso-online.it\/capursonline\/wp-content\/uploads\/2020\/11\/cropped-logo.png","width":3604,"height":1531,"caption":"Capurso On Line"},"image":{"@id":"https:\/\/www.capurso-online.it\/capursonline\/#\/schema\/logo\/image\/"}},{"@type":"WebSite","@id":"https:\/\/www.capurso-online.it\/capursonline\/#website","url":"https:\/\/www.capurso-online.it\/capursonline\/","name":"Capurso On Line","description":"Il portale di Capurso","publisher":{"@id":"https:\/\/www.capurso-online.it\/capursonline\/#organization"},"potentialAction":[{"@type":"SearchAction","target":{"@type":"EntryPoint","urlTemplate":"https:\/\/www.capurso-online.it\/capursonline\/?s={search_term_string}"},"query-input":"required name=search_term_string"}],"inLanguage":"it-IT"},{"@type":"WebPage","@id":"https:\/\/www.capurso-online.it\/capursonline\/index.php\/2021\/09\/18\/capurso-aderisce-alla-settimana-europea-della-mobilita-domenica-19-biciclettate-e-passeggiate-in-sicurezza\/","url":"https:\/\/www.capurso-online.it\/capursonline\/index.php\/2021\/09\/18\/capurso-aderisce-alla-settimana-europea-della-mobilita-domenica-19-biciclettate-e-passeggiate-in-sicurezza\/","name":"Capurso aderisce alla settimana europea della mobilit\u00e0. Domenica 19, biciclettate e passeggiate in sicurezza - Capurso On Line","isPartOf":{"@id":"https:\/\/www.capurso-online.it\/capursonline\/#website"},"datePublished":"2021-09-18T07:40:04+00:00","dateModified":"2021-09-20T21:09:03+00:00","breadcrumb":{"@id":"https:\/\/www.capurso-online.it\/capursonline\/index.php\/2021\/09\/18\/capurso-aderisce-alla-settimana-europea-della-mobilita-domenica-19-biciclettate-e-passeggiate-in-sicurezza\/#breadcrumb"},"inLanguage":"it-IT","potentialAction":[{"@type":"ReadAction","target":["https:\/\/www.capurso-online.it\/capursonline\/index.php\/2021\/09\/18\/capurso-aderisce-alla-settimana-europea-della-mobilita-domenica-19-biciclettate-e-passeggiate-in-sicurezza\/"]}]},{"@type":"BreadcrumbList","@id":"https:\/\/www.capurso-online.it\/capursonline\/index.php\/2021\/09\/18\/capurso-aderisce-alla-settimana-europea-della-mobilita-domenica-19-biciclettate-e-passeggiate-in-sicurezza\/#breadcrumb","itemListElement":[{"@type":"ListItem","position":1,"name":"Home","item":"https:\/\/www.capurso-online.it\/capursonline\/"},{"@type":"ListItem","position":2,"name":"Capurso aderisce alla settimana europea della mobilit\u00e0. Domenica 19, biciclettate e passeggiate in sicurezza"}]},{"@type":"Article","@id":"https:\/\/www.capurso-online.it\/capursonline\/index.php\/2021\/09\/18\/capurso-aderisce-alla-settimana-europea-della-mobilita-domenica-19-biciclettate-e-passeggiate-in-sicurezza\/#article","isPartOf":{"@id":"https:\/\/www.capurso-online.it\/capursonline\/index.php\/2021\/09\/18\/capurso-aderisce-alla-settimana-europea-della-mobilita-domenica-19-biciclettate-e-passeggiate-in-sicurezza\/"},"author":{"name":"capursoonline","@id":"https:\/\/www.capurso-online.it\/capursonline\/#\/schema\/person\/6c7fbbed57ef477e34824178324a9c1d"},"headline":"Capurso aderisce alla settimana europea della mobilit\u00e0. Domenica 19, biciclettate e passeggiate in sicurezza","datePublished":"2021-09-18T07:40:04+00:00","dateModified":"2021-09-20T21:09:03+00:00","mainEntityOfPage":{"@id":"https:\/\/www.capurso-online.it\/capursonline\/index.php\/2021\/09\/18\/capurso-aderisce-alla-settimana-europea-della-mobilita-domenica-19-biciclettate-e-passeggiate-in-sicurezza\/"},"wordCount":312,"commentCount":0,"publisher":{"@id":"https:\/\/www.capurso-online.it\/capursonline\/#organization"},"articleSection":["Attualit\u00e0 &amp; Cronaca","Cultura &amp; Sport","Varie di vita comunale"],"inLanguage":"it-IT","potentialAction":[{"@type":"CommentAction","name":"Comment","target":["https:\/\/www.capurso-online.it\/capursonline\/index.php\/2021\/09\/18\/capurso-aderisce-alla-settimana-europea-della-mobilita-domenica-19-biciclettate-e-passeggiate-in-sicurezza\/#respond"]}]},{"@type":"Person","@id":"https:\/\/www.capurso-online.it\/capursonline\/#\/schema\/person\/6c7fbbed57ef477e34824178324a9c1d","name":"capursoonline","image":{"@type":"ImageObject","inLanguage":"it-IT","@id":"https:\/\/www.capurso-online.it\/capursonline\/#\/schema\/person\/image\/","url":"https:\/\/secure.gravatar.com\/avatar\/f2d564d02d46c3576eebe0bd37a1fded?s=96&d=mm&r=g","contentUrl":"https:\/\/secure.gravatar.com\/avatar\/f2d564d02d46c3576eebe0bd37a1fded?s=96&d=mm&r=g","caption":"capursoonline"},"sameAs":["http:\/\/www.capurso-online.it\/capursonline","https:\/\/twitter.com\/capursoonline"],"url":"https:\/\/www.capurso-online.it\/capursonline\/index.php\/author\/capursoonline\/"}]}},"_links":{"self":[{"href":"https:\/\/www.capurso-online.it\/capursonline\/index.php\/wp-json\/wp\/v2\/posts\/633"}],"collection":[{"href":"https:\/\/www.capurso-online.it\/capursonline\/index.php\/wp-json\/wp\/v2\/posts"}],"about":[{"href":"https:\/\/www.capurso-online.it\/capursonline\/index.php\/wp-json\/wp\/v2\/types\/post"}],"author":[{"embeddable":true,"href":"https:\/\/www.capurso-online.it\/capursonline\/index.php\/wp-json\/wp\/v2\/users\/1"}],"replies":[{"embeddable":true,"href":"https:\/\/www.capurso-online.it\/capursonline\/index.php\/wp-json\/wp\/v2\/comments?post=633"}],"version-history":[{"count":9,"href":"https:\/\/www.capurso-online.it\/capursonline\/index.php\/wp-json\/wp\/v2\/posts\/633\/revisions"}],"predecessor-version":[{"id":646,"href":"https:\/\/www.capurso-online.it\/capursonline\/index.php\/wp-json\/wp\/v2\/posts\/633\/revisions\/646"}],"wp:featuredmedia":[{"embeddable":true,"href":"https:\/\/www.capurso-online.it\/capursonline\/index.php\/wp-json\/wp\/v2\/media\/635"}],"wp:attachment":[{"href":"https:\/\/www.capurso-online.it\/capursonline\/index.php\/wp-json\/wp\/v2\/media?parent=633"}],"wp:term":[{"taxonomy":"category","embeddable":true,"href":"https:\/\/www.capurso-online.it\/capursonline\/index.php\/wp-json\/wp\/v2\/categories?post=633"},{"taxonomy":"post_tag","embeddable":true,"href":"https:\/\/www.capurso-online.it\/capursonline\/index.php\/wp-json\/wp\/v2\/tags?post=633"}],"curies":[{"name":"wp","href":"https:\/\/api.w.org\/{rel}","templated":true}]}}